{"id":193,"date":"2010-04-13T19:09:52","date_gmt":"2010-04-13T22:09:52","guid":{"rendered":"http:\/\/academiamusicalweb.com.ar\/1\/?p=193"},"modified":"2017-01-12T12:37:34","modified_gmt":"2017-01-12T15:37:34","slug":"curso-estrellita","status":"publish","type":"post","link":"http:\/\/academiamusicalweb.com.ar\/1\/curso-estrellita\/","title":{"rendered":"Curso \u00abEstrellita\u00bb"},"content":{"rendered":"<h2 style=\"text-align: justify;\">Formaci\u00f3n Musical desde los 4 a\u00f1os de edad<\/h2>\n<p style=\"text-align: justify;\"><script>L();<\/script><img decoding=\"async\" class=\"alignright\" style=\"margin-left: 5px; margin-right: 5px;\" title=\"Clases de M\u00fasica para Ni\u00f1os Sistema Yamaha Curso Estrellitas\" alt=\"Clases de M\u00fasica para Ni\u00f1os Sistema Yamaha Curso Estrellitas\" src=\"http:\/\/academiamusicalweb.com.ar\/1\/wp-content\/gallery\/estrellitas\/curso-estrellita1.jpg\" width=\"254\" height=\"170\" \/>Comenzar los estudios musicales en la etapa preescolar favorece el desarrollo de las aptitudes importantes, de la \u201ceducaci\u00f3n a tiempo\u201d, para definir las bases de la m\u00fasica, como por ejemplo, el sentido musical. Los ni\u00f1os disfrutan cantando, escuchando, creando y se inician en la ejecucion del teclado.<\/p>\n<p>&nbsp;<\/p>\n<ul>\n<li>Un curso pensado especialmente para la formaci\u00f3n musical de los ni\u00f1os peque\u00f1os desde 4 a\u00f1os, con ejercitaciones apropiadas para esta edad.<\/li>\n<\/ul>\n<p style=\"text-align: justify; padding-left: 30px;\">Se trabaja con grabaciones con las cuales los ni\u00f1os podr\u00e1n seguir ejercit\u00e1ndose en sus hogares.<\/p>\n<ul>\n<li>Los ni\u00f1os escuchan, cantan, crean, se expresan corporalmente y se inician en la ejecuci\u00f3n del teclado. Unico desde esta edad para piano&#8230; Asisten acompa\u00f1ados por su mam\u00e1 o alg\u00fan adulto y estas clases se imparten en grupos formados por ni\u00f1os de la misma edad. Su duraci\u00f3n es de dos a\u00f1os, pero quienes deseen seguir la formaci\u00f3n pian\u00edstica pueden continuar con el curso \u201cExtensi\u00f3n\u201d (dos a\u00f1os) y \u201cAvanzado\u201d (otros dos a\u00f1os).<\/li>\n<\/ul>\n<p style=\"text-align: center;\"><strong><span style=\"text-decoration: underline;\"><a title=\"Contactarse v\u00eda mensaje\" href=\"http:\/\/academiamusicalweb.com.ar\/1\/contactenos\/\" target=\"_blank\">Consulte por las clases demostrativas gratuitas.<\/a><\/span><\/strong><\/p>\n","protected":false},"excerpt":{"rendered":"<p>Formaci\u00f3n Musical desde los 4 a\u00f1os de edad Comenzar los estudios musicales en la etapa preescolar favorece el desarrollo de las aptitudes importantes, de la \u201ceducaci\u00f3n a tiempo\u201d, para definir las bases de la m\u00fasica, como por ejemplo, el sentido musical. Los ni\u00f1os disfrutan cantando, escuchando, creando y se inician &#8230;<\/p>\n","protected":false},"author":16,"featured_media":281,"comment_status":"open","ping_status":"open","sticky":false,"template":"","format":"standard","meta":{"ngg_post_thumbnail":0,"footnotes":""},"categories":[3,15,90],"tags":[146,158,157,92,91],"class_list":["post-193","post","type-post","status-publish","format-standard","has-post-thumbnail","hentry","category-academia-musical-quilmes","category-clases","category-curso-estrellita","tag-academia-musical-quilmes","tag-clases-de-musica","tag-curso-estrellita","tag-formacion-musical","tag-iniciacion-musical","column","threecol","has-thumbnail"],"_links":{"self":[{"href":"http:\/\/academiamusicalweb.com.ar\/1\/wp-json\/wp\/v2\/posts\/193","targetHints":{"allow":["GET"]}}],"collection":[{"href":"http:\/\/academiamusicalweb.com.ar\/1\/wp-json\/wp\/v2\/posts"}],"about":[{"href":"http:\/\/academiamusicalweb.com.ar\/1\/wp-json\/wp\/v2\/types\/post"}],"author":[{"embeddable":true,"href":"http:\/\/academiamusicalweb.com.ar\/1\/wp-json\/wp\/v2\/users\/16"}],"replies":[{"embeddable":true,"href":"http:\/\/academiamusicalweb.com.ar\/1\/wp-json\/wp\/v2\/comments?post=193"}],"version-history":[{"count":0,"href":"http:\/\/academiamusicalweb.com.ar\/1\/wp-json\/wp\/v2\/posts\/193\/revisions"}],"wp:featuredmedia":[{"embeddable":true,"href":"http:\/\/academiamusicalweb.com.ar\/1\/wp-json\/wp\/v2\/media\/281"}],"wp:attachment":[{"href":"http:\/\/academiamusicalweb.com.ar\/1\/wp-json\/wp\/v2\/media?parent=193"}],"wp:term":[{"taxonomy":"category","embeddable":true,"href":"http:\/\/academiamusicalweb.com.ar\/1\/wp-json\/wp\/v2\/categories?post=193"},{"taxonomy":"post_tag","embeddable":true,"href":"http:\/\/academiamusicalweb.com.ar\/1\/wp-json\/wp\/v2\/tags?post=193"}],"curies":[{"name":"wp","href":"https:\/\/api.w.org\/{rel}","templated":true}]}}